{"id":1221,"date":"2021-11-08T10:50:45","date_gmt":"2021-11-08T10:50:45","guid":{"rendered":"https:\/\/damatta.pt\/?post_type=news&#038;p=1221"},"modified":"2021-11-08T11:56:00","modified_gmt":"2021-11-08T11:56:00","slug":"damatta-lanca-presunto-quartos-reserva-9-meses","status":"publish","type":"news","link":"https:\/\/damatta.pt\/en\/noticias\/damatta-lanca-presunto-quartos-reserva-9-meses\/","title":{"rendered":"Damatta lan\u00e7a Pack Presunto Quartos Reserva 9 meses, com oferta de t\u00e1bua de corte"},"content":{"rendered":"<p>A Damatta lan\u00e7a uma novidade a tempo do Natal: o Pack Presunto Quartos Reserva 9 meses.<\/p>\n<p>Inspirada num dos best-sellers da marca, o Mini Pack Presunto 1kg Damatta, este novo lan\u00e7amento est\u00e1 dispon\u00edvel em quartos de 500 gramas. A Damatta juntou ainda a oferta de uma t\u00e1bua de corte em madeira, para utilizar em diferentes momentos de partilha \u00e0 mesa.<\/p>\n<p>&nbsp;<\/p>\n<h4><strong>Presuntos Damatta<\/strong><\/h4>\n<p>Privilegiando os m\u00e9todos tradicionais de cura e salga, o novo pack Presunto Quartos Reserva 9 meses vem complementar a cole\u00e7\u00e3o de presuntos da Damatta. Um dos segredos da marca assenta nas caracter\u00edsticas ambientais e clim\u00e1ticas muito pr\u00f3prias de Envendos, em Ma\u00e7\u00e3o, na Beira Baixa, com um microclima favor\u00e1vel \u00e0 produ\u00e7\u00e3o e secagem do presunto.<\/p>\n<p>O novo produto da marca\u00a0Damatta\u00a0est\u00e1 j\u00e1 dispon\u00edvel nos pontos de venda habituais e na loja online, em\u00a0<a href=\"https:\/\/loja.damatta.pt\/\" target=\"_blank\" rel=\"noopener noreferrer\">https:\/\/loja.damatta.pt<\/a>, com PVP recomendado de 12,50 euros.<\/p>\n<p>&nbsp;<\/p>\n<p>Fonte: <a href=\"https:\/\/grandeconsumo.com\/\" target=\"_blank\" rel=\"noopener\">Grande Consumo<\/a><\/p>\n","protected":false},"featured_media":1224,"template":"","class_list":["post-1221","news","type-news","status-publish","has-post-thumbnail","hentry"],"yoast_head":"<!-- This site is optimized with the Yoast SEO plugin v17.0 - https:\/\/yoast.com\/wordpress\/plugins\/seo\/ -->\n<title>Damatta lan\u00e7a Pack Presunto Quartos Reserva 9 meses, com oferta de t\u00e1bua de corte - Damatta<\/title>\n<meta name=\"description\" content=\"Este novo lan\u00e7amento est\u00e1 dispon\u00edvel em quartos de 500 gramas. A Damatta juntou ainda a oferta de uma t\u00e1bua de corte em madeira, para utilizar em diferentes momentos de partilha \u00e0 mesa.\" \/>\n<meta name=\"robots\" content=\"index, follow, max-snippet:-1, max-image-preview:large, max-video-preview:-1\" \/>\n<link rel=\"canonical\" href=\"https:\/\/damatta.pt\/noticias\/damatta-lanca-presunto-quartos-reserva-9-meses\/\" \/>\n<meta property=\"og:locale\" content=\"en_US\" \/>\n<meta property=\"og:type\" content=\"article\" \/>\n<meta property=\"og:title\" content=\"Damatta lan\u00e7a Pack Presunto Quartos Reserva 9 meses, com oferta de t\u00e1bua de corte - Damatta\" \/>\n<meta property=\"og:description\" content=\"Este novo lan\u00e7amento est\u00e1 dispon\u00edvel em quartos de 500 gramas. A Damatta juntou ainda a oferta de uma t\u00e1bua de corte em madeira, para utilizar em diferentes momentos de partilha \u00e0 mesa.\" \/>\n<meta property=\"og:url\" content=\"https:\/\/damatta.pt\/noticias\/damatta-lanca-presunto-quartos-reserva-9-meses\/\" \/>\n<meta property=\"og:site_name\" content=\"Damatta\" \/>\n<meta property=\"article:modified_time\" content=\"2021-11-08T11:56:00+00:00\" \/>\n<meta property=\"og:image\" content=\"https:\/\/damatta.pt\/wp-content\/uploads\/2021\/11\/1nov_fb_post2.png\" \/>\n\t<meta property=\"og:image:width\" content=\"834\" \/>\n\t<meta property=\"og:image:height\" content=\"834\" \/>\n<meta name=\"twitter:card\" content=\"summary_large_image\" \/>\n<meta name=\"twitter:label1\" content=\"Est. reading time\" \/>\n\t<meta name=\"twitter:data1\" content=\"1 minute\" \/>\n<script type=\"application\/ld+json\" class=\"yoast-schema-graph\">{\"@context\":\"https:\/\/schema.org\",\"@graph\":[{\"@type\":\"WebSite\",\"@id\":\"https:\/\/damatta.pt\/#website\",\"url\":\"https:\/\/damatta.pt\/\",\"name\":\"Damatta\",\"description\":\"\",\"potentialAction\":[{\"@type\":\"SearchAction\",\"target\":{\"@type\":\"EntryPoint\",\"urlTemplate\":\"https:\/\/damatta.pt\/?s={search_term_string}\"},\"query-input\":\"required name=search_term_string\"}],\"inLanguage\":\"en-US\"},{\"@type\":\"ImageObject\",\"@id\":\"https:\/\/damatta.pt\/noticias\/damatta-lanca-presunto-quartos-reserva-9-meses\/#primaryimage\",\"inLanguage\":\"en-US\",\"url\":\"https:\/\/damatta.pt\/wp-content\/uploads\/2021\/11\/1nov_fb_post2.png\",\"contentUrl\":\"https:\/\/damatta.pt\/wp-content\/uploads\/2021\/11\/1nov_fb_post2.png\",\"width\":834,\"height\":834},{\"@type\":\"WebPage\",\"@id\":\"https:\/\/damatta.pt\/noticias\/damatta-lanca-presunto-quartos-reserva-9-meses\/#webpage\",\"url\":\"https:\/\/damatta.pt\/noticias\/damatta-lanca-presunto-quartos-reserva-9-meses\/\",\"name\":\"Damatta lan\\u00e7a Pack Presunto Quartos Reserva 9 meses, com oferta de t\\u00e1bua de corte - Damatta\",\"isPartOf\":{\"@id\":\"https:\/\/damatta.pt\/#website\"},\"primaryImageOfPage\":{\"@id\":\"https:\/\/damatta.pt\/noticias\/damatta-lanca-presunto-quartos-reserva-9-meses\/#primaryimage\"},\"datePublished\":\"2021-11-08T10:50:45+00:00\",\"dateModified\":\"2021-11-08T11:56:00+00:00\",\"description\":\"Este novo lan\\u00e7amento est\\u00e1 dispon\\u00edvel em quartos de 500 gramas. A Damatta juntou ainda a oferta de uma t\\u00e1bua de corte em madeira, para utilizar em diferentes momentos de partilha \\u00e0 mesa.\",\"breadcrumb\":{\"@id\":\"https:\/\/damatta.pt\/noticias\/damatta-lanca-presunto-quartos-reserva-9-meses\/#breadcrumb\"},\"inLanguage\":\"en-US\",\"potentialAction\":[{\"@type\":\"ReadAction\",\"target\":[\"https:\/\/damatta.pt\/noticias\/damatta-lanca-presunto-quartos-reserva-9-meses\/\"]}]},{\"@type\":\"BreadcrumbList\",\"@id\":\"https:\/\/damatta.pt\/noticias\/damatta-lanca-presunto-quartos-reserva-9-meses\/#breadcrumb\",\"itemListElement\":[{\"@type\":\"ListItem\",\"position\":1,\"name\":\"In\\u00edcio\",\"item\":\"https:\/\/damatta.pt\/en\/\"},{\"@type\":\"ListItem\",\"position\":2,\"name\":\"Damatta lan\\u00e7a Pack Presunto Quartos Reserva 9 meses, com oferta de t\\u00e1bua de corte\"}]}]}<\/script>\n<!-- \/ Yoast SEO plugin. -->","yoast_head_json":{"title":"Damatta lan\u00e7a Pack Presunto Quartos Reserva 9 meses, com oferta de t\u00e1bua de corte - Damatta","description":"Este novo lan\u00e7amento est\u00e1 dispon\u00edvel em quartos de 500 gramas. A Damatta juntou ainda a oferta de uma t\u00e1bua de corte em madeira, para utilizar em diferentes momentos de partilha \u00e0 mesa.","robots":{"index":"index","follow":"follow","max-snippet":"max-snippet:-1","max-image-preview":"max-image-preview:large","max-video-preview":"max-video-preview:-1"},"canonical":"https:\/\/damatta.pt\/noticias\/damatta-lanca-presunto-quartos-reserva-9-meses\/","og_locale":"en_US","og_type":"article","og_title":"Damatta lan\u00e7a Pack Presunto Quartos Reserva 9 meses, com oferta de t\u00e1bua de corte - Damatta","og_description":"Este novo lan\u00e7amento est\u00e1 dispon\u00edvel em quartos de 500 gramas. A Damatta juntou ainda a oferta de uma t\u00e1bua de corte em madeira, para utilizar em diferentes momentos de partilha \u00e0 mesa.","og_url":"https:\/\/damatta.pt\/noticias\/damatta-lanca-presunto-quartos-reserva-9-meses\/","og_site_name":"Damatta","article_modified_time":"2021-11-08T11:56:00+00:00","og_image":[{"width":834,"height":834,"url":"https:\/\/damatta.pt\/wp-content\/uploads\/2021\/11\/1nov_fb_post2.png","path":"\/var\/www\/vhosts\/damatta.pt\/httpdocs\/wp-content\/uploads\/2021\/11\/1nov_fb_post2.png","size":"full","id":1224,"alt":"","pixels":695556,"type":"image\/png"}],"twitter_card":"summary_large_image","twitter_misc":{"Est. reading time":"1 minute"},"schema":{"@context":"https:\/\/schema.org","@graph":[{"@type":"WebSite","@id":"https:\/\/damatta.pt\/#website","url":"https:\/\/damatta.pt\/","name":"Damatta","description":"","potentialAction":[{"@type":"SearchAction","target":{"@type":"EntryPoint","urlTemplate":"https:\/\/damatta.pt\/?s={search_term_string}"},"query-input":"required name=search_term_string"}],"inLanguage":"en-US"},{"@type":"ImageObject","@id":"https:\/\/damatta.pt\/noticias\/damatta-lanca-presunto-quartos-reserva-9-meses\/#primaryimage","inLanguage":"en-US","url":"https:\/\/damatta.pt\/wp-content\/uploads\/2021\/11\/1nov_fb_post2.png","contentUrl":"https:\/\/damatta.pt\/wp-content\/uploads\/2021\/11\/1nov_fb_post2.png","width":834,"height":834},{"@type":"WebPage","@id":"https:\/\/damatta.pt\/noticias\/damatta-lanca-presunto-quartos-reserva-9-meses\/#webpage","url":"https:\/\/damatta.pt\/noticias\/damatta-lanca-presunto-quartos-reserva-9-meses\/","name":"Damatta lan\u00e7a Pack Presunto Quartos Reserva 9 meses, com oferta de t\u00e1bua de corte - Damatta","isPartOf":{"@id":"https:\/\/damatta.pt\/#website"},"primaryImageOfPage":{"@id":"https:\/\/damatta.pt\/noticias\/damatta-lanca-presunto-quartos-reserva-9-meses\/#primaryimage"},"datePublished":"2021-11-08T10:50:45+00:00","dateModified":"2021-11-08T11:56:00+00:00","description":"Este novo lan\u00e7amento est\u00e1 dispon\u00edvel em quartos de 500 gramas. A Damatta juntou ainda a oferta de uma t\u00e1bua de corte em madeira, para utilizar em diferentes momentos de partilha \u00e0 mesa.","breadcrumb":{"@id":"https:\/\/damatta.pt\/noticias\/damatta-lanca-presunto-quartos-reserva-9-meses\/#breadcrumb"},"inLanguage":"en-US","potentialAction":[{"@type":"ReadAction","target":["https:\/\/damatta.pt\/noticias\/damatta-lanca-presunto-quartos-reserva-9-meses\/"]}]},{"@type":"BreadcrumbList","@id":"https:\/\/damatta.pt\/noticias\/damatta-lanca-presunto-quartos-reserva-9-meses\/#breadcrumb","itemListElement":[{"@type":"ListItem","position":1,"name":"In\u00edcio","item":"https:\/\/damatta.pt\/en\/"},{"@type":"ListItem","position":2,"name":"Damatta lan\u00e7a Pack Presunto Quartos Reserva 9 meses, com oferta de t\u00e1bua de corte"}]}]}},"_links":{"self":[{"href":"https:\/\/damatta.pt\/en\/wp-json\/wp\/v2\/news\/1221","targetHints":{"allow":["GET"]}}],"collection":[{"href":"https:\/\/damatta.pt\/en\/wp-json\/wp\/v2\/news"}],"about":[{"href":"https:\/\/damatta.pt\/en\/wp-json\/wp\/v2\/types\/news"}],"wp:featuredmedia":[{"embeddable":true,"href":"https:\/\/damatta.pt\/en\/wp-json\/wp\/v2\/media\/1224"}],"wp:attachment":[{"href":"https:\/\/damatta.pt\/en\/wp-json\/wp\/v2\/media?parent=1221"}],"curies":[{"name":"wp","href":"https:\/\/api.w.org\/{rel}","templated":true}]}}